{"id":152,"date":"2020-10-30T17:48:00","date_gmt":"2020-10-30T16:48:00","guid":{"rendered":"https:\/\/mathefueralle.org\/?p=152"},"modified":"2020-11-22T15:33:02","modified_gmt":"2020-11-22T14:33:02","slug":"mathe-fuer-alle-in-der-neuen-saechsischen-lehrerzeitung","status":"publish","type":"post","link":"https:\/\/mathefueralle.org\/index.php\/2020\/10\/30\/mathe-fuer-alle-in-der-neuen-saechsischen-lehrerzeitung\/","title":{"rendered":"Mathe f\u00fcr Alle in der &#8222;Neuen S\u00e4chsischen Lehrerzeitung&#8220;"},"content":{"rendered":"\n<p>In der aktuellen Ausgabe der Neuen S\u00e4chsischen Lehrerzeitung (5\/20) k\u00f6nnt ihr lesen, was unsere H\u00f6renden aus Studierenden-, Lehrenden- und Elternperspektive an &#8222;Mathe f\u00fcr Alle&#8220; sch\u00e4tzen, wie sie auf den Podcast aufmerksam wurden und warum sie keine Episode mehr verpassen wollen.  <\/p>\n\n\n\n<figure class=\"wp-block-image size-large is-resized\"><img decoding=\"async\" loading=\"lazy\" src=\"https:\/\/mathefueralle.org\/wp-content\/uploads\/2020\/11\/NSLZ_Bild_neu.png\" alt=\"\" class=\"wp-image-156\" width=\"685\" height=\"482\" srcset=\"https:\/\/mathefueralle.org\/wp-content\/uploads\/2020\/11\/NSLZ_Bild_neu.png 999w, https:\/\/mathefueralle.org\/wp-content\/uploads\/2020\/11\/NSLZ_Bild_neu-300x211.png 300w, https:\/\/mathefueralle.org\/wp-content\/uploads\/2020\/11\/NSLZ_Bild_neu-768x540.png 768w\" sizes=\"(max-width: 685px) 100vw, 685px\" \/><\/figure>\n","protected":false},"excerpt":{"rendered":"<p>In der aktuellen Ausgabe der Neuen S\u00e4chsischen Lehrerzeitung (5\/20) k\u00f6nnt ihr lesen, was unsere H\u00f6renden aus Studierenden-, Lehrenden- und Elternperspektive an &#8222;Mathe f\u00fcr Alle&#8220; sch\u00e4tzen, wie sie auf den Podcast aufmerksam wurden und warum sie keine Episode mehr verpassen wollen.<\/p>\n","protected":false},"author":2,"featured_media":0,"comment_status":"closed","ping_status":"open","sticky":false,"template":"","format":"standard","meta":{"footnotes":""},"categories":[1],"tags":[7],"_links":{"self":[{"href":"https:\/\/mathefueralle.org\/index.php\/wp-json\/wp\/v2\/posts\/152"}],"collection":[{"href":"https:\/\/mathefueralle.org\/index.php\/wp-json\/wp\/v2\/posts"}],"about":[{"href":"https:\/\/mathefueralle.org\/index.php\/wp-json\/wp\/v2\/types\/post"}],"author":[{"embeddable":true,"href":"https:\/\/mathefueralle.org\/index.php\/wp-json\/wp\/v2\/users\/2"}],"replies":[{"embeddable":true,"href":"https:\/\/mathefueralle.org\/index.php\/wp-json\/wp\/v2\/comments?post=152"}],"version-history":[{"count":2,"href":"https:\/\/mathefueralle.org\/index.php\/wp-json\/wp\/v2\/posts\/152\/revisions"}],"predecessor-version":[{"id":158,"href":"https:\/\/mathefueralle.org\/index.php\/wp-json\/wp\/v2\/posts\/152\/revisions\/158"}],"wp:attachment":[{"href":"https:\/\/mathefueralle.org\/index.php\/wp-json\/wp\/v2\/media?parent=152"}],"wp:term":[{"taxonomy":"category","embeddable":true,"href":"https:\/\/mathefueralle.org\/index.php\/wp-json\/wp\/v2\/categories?post=152"},{"taxonomy":"post_tag","embeddable":true,"href":"https:\/\/mathefueralle.org\/index.php\/wp-json\/wp\/v2\/tags?post=152"}],"curies":[{"name":"wp","href":"https:\/\/api.w.org\/{rel}","templated":true}]}}