{"id":50,"date":"2020-06-05T11:23:16","date_gmt":"2020-06-05T09:23:16","guid":{"rendered":"http:\/\/mathefueralle.org\/?p=50"},"modified":"2020-11-20T17:03:24","modified_gmt":"2020-11-20T16:03:24","slug":"3-episode-der-raum-des-denkens-und-lernens","status":"publish","type":"post","link":"https:\/\/mathefueralle.org\/index.php\/2020\/06\/05\/3-episode-der-raum-des-denkens-und-lernens\/","title":{"rendered":"3. Episode: Der Raum des Denkens und Lernens"},"content":{"rendered":"\n<p>Nach einer pers\u00f6nlichen Einleitung diskutieren Franziska Wehlmann und Denise Heyder anhand ausgew\u00e4hlter R\u00fcckmeldungen zum Podcast exemplarisch einzelne Kompetenzbereiche aus den Bildungsstandards.<\/p>\n\n\n\n<figure class=\"wp-block-audio\"><audio controls src=\"http:\/\/mathefueralle.org\/wp-content\/uploads\/2020\/06\/Podcast_3.-Episode_Der-Raum-des-Denkens-und-Lernens-1.mp3-1.mp3\"><\/audio><\/figure>\n\n\n\n<figure class=\"wp-block-image size-large\"><img decoding=\"async\" loading=\"lazy\" width=\"1024\" height=\"1024\" src=\"http:\/\/mathefueralle.org\/wp-content\/uploads\/2020\/06\/unnamed-1024x1024.jpg\" alt=\"\" class=\"wp-image-71\" srcset=\"https:\/\/mathefueralle.org\/wp-content\/uploads\/2020\/06\/unnamed-1024x1024.jpg 1024w, https:\/\/mathefueralle.org\/wp-content\/uploads\/2020\/06\/unnamed-300x300.jpg 300w, https:\/\/mathefueralle.org\/wp-content\/uploads\/2020\/06\/unnamed-150x150.jpg 150w, https:\/\/mathefueralle.org\/wp-content\/uploads\/2020\/06\/unnamed-768x768.jpg 768w, https:\/\/mathefueralle.org\/wp-content\/uploads\/2020\/06\/unnamed-1536x1536.jpg 1536w, https:\/\/mathefueralle.org\/wp-content\/uploads\/2020\/06\/unnamed-2048x2048.jpg 2048w, https:\/\/mathefueralle.org\/wp-content\/uploads\/2020\/06\/unnamed-100x100.jpg 100w\" sizes=\"(max-width: 767px) 89vw, (max-width: 1000px) 54vw, (max-width: 1071px) 543px, 580px\" \/><\/figure>\n","protected":false},"excerpt":{"rendered":"<p>Nach einer pers\u00f6nlichen Einleitung diskutieren Franziska Wehlmann und Denise Heyder anhand ausgew\u00e4hlter R\u00fcckmeldungen zum Podcast exemplarisch einzelne Kompetenzbereiche aus den Bildungsstandards.<\/p>\n","protected":false},"author":1,"featured_media":0,"comment_status":"closed","ping_status":"open","sticky":false,"template":"","format":"standard","meta":{"footnotes":""},"categories":[1,5],"tags":[],"_links":{"self":[{"href":"https:\/\/mathefueralle.org\/index.php\/wp-json\/wp\/v2\/posts\/50"}],"collection":[{"href":"https:\/\/mathefueralle.org\/index.php\/wp-json\/wp\/v2\/posts"}],"about":[{"href":"https:\/\/mathefueralle.org\/index.php\/wp-json\/wp\/v2\/types\/post"}],"author":[{"embeddable":true,"href":"https:\/\/mathefueralle.org\/index.php\/wp-json\/wp\/v2\/users\/1"}],"replies":[{"embeddable":true,"href":"https:\/\/mathefueralle.org\/index.php\/wp-json\/wp\/v2\/comments?post=50"}],"version-history":[{"count":2,"href":"https:\/\/mathefueralle.org\/index.php\/wp-json\/wp\/v2\/posts\/50\/revisions"}],"predecessor-version":[{"id":72,"href":"https:\/\/mathefueralle.org\/index.php\/wp-json\/wp\/v2\/posts\/50\/revisions\/72"}],"wp:attachment":[{"href":"https:\/\/mathefueralle.org\/index.php\/wp-json\/wp\/v2\/media?parent=50"}],"wp:term":[{"taxonomy":"category","embeddable":true,"href":"https:\/\/mathefueralle.org\/index.php\/wp-json\/wp\/v2\/categories?post=50"},{"taxonomy":"post_tag","embeddable":true,"href":"https:\/\/mathefueralle.org\/index.php\/wp-json\/wp\/v2\/tags?post=50"}],"curies":[{"name":"wp","href":"https:\/\/api.w.org\/{rel}","templated":true}]}}